{"id":1015297,"date":"2025-05-16T08:33:19","date_gmt":"2025-05-15T22:33:19","guid":{"rendered":"https:\/\/www.soledu.net\/co\/?p=1015297"},"modified":"2026-01-23T17:27:21","modified_gmt":"2026-01-23T07:27:21","slug":"elecciones-2025-australia-y-migracion","status":"publish","type":"post","link":"https:\/\/www.soledu.net\/co\/elecciones-2025-australia-y-migracion\/","title":{"rendered":"Elecciones 2025 en Australia y migraci\u00f3n"},"content":{"rendered":"<div class=\"wpb-content-wrapper\"><div class=\"vc_row wpb_row vc_row-fluid fondoaArtBlog2 vc_custom_1769153179111 vc_row-has-fill vc_row-o-content-middle vc_row-flex\"><div class=\"wpb_column vc_column_container vc_col-sm-12\"><div class=\"vc_column-inner\"><div class=\"wpb_wrapper\"><h2 style=\"font-size: 30px;color: #2c3035;text-align: center;font-family:Montserrat;font-weight:700;font-style:normal\" class=\"vc_custom_heading vc_do_custom_heading\" >Perspectivas migratorias tras el triunfo de Anthony Albanese<\/h2><div class=\"vc_separator wpb_content_element vc_separator_align_center vc_sep_width_10 vc_sep_border_width_5 vc_sep_pos_align_center vc_separator_no_text wpb_content_element  wpb_content_element separador\" ><span class=\"vc_sep_holder vc_sep_holder_l\"><span style=\"border-color:#ffe060;\" class=\"vc_sep_line\"><\/span><\/span><span class=\"vc_sep_holder vc_sep_holder_r\"><span style=\"border-color:#ffe060;\" class=\"vc_sep_line\"><\/span><\/span>\n<\/div>\n\t<div class=\"wpb_text_column wpb_content_element \" >\n\t\t<div class=\"wpb_wrapper\">\n\t\t\t<p><span data-contrast=\"none\">El pasado 4 de mayo se llevaron a cabo las elecciones federales en Australia, con una victoria decisiva para el <\/span><i><span data-contrast=\"none\">Australian Labor Party (ALP)<\/span><\/i><span data-contrast=\"none\"> y la reelecci\u00f3n del Primer Ministro Anthony Albanese. Uno de los temas centrales durante la campa\u00f1a fue la migraci\u00f3n. Pero \u00bfc\u00f3mo podr\u00eda afectar este resultado a quienes desean estudiar, trabajar o establecerse en Australia?<\/span><span data-ccp-props=\"{&quot;134233117&quot;:false,&quot;134233118&quot;:false,&quot;335551550&quot;:1,&quot;335551620&quot;:1,&quot;335559738&quot;:240,&quot;335559739&quot;:240}\">\u00a0<\/span><\/p>\n<p><span data-contrast=\"none\">La reelecci\u00f3n de Albanese asegura la continuidad de la estrategia migratoria anunciada en diciembre de 2024. Esta pol\u00edtica se centra en una reducci\u00f3n gradual de la migraci\u00f3n neta, la retenci\u00f3n de trabajadores calificados y la implementaci\u00f3n de reglas m\u00e1s estrictas para estudiantes internacionales y residentes temporales.<\/span><span data-ccp-props=\"{&quot;134233117&quot;:false,&quot;134233118&quot;:false,&quot;335551550&quot;:1,&quot;335551620&quot;:1,&quot;335559738&quot;:240,&quot;335559739&quot;:240}\">\u00a0<\/span><\/p>\n\n\t\t<\/div>\n\t<\/div>\n<div class=\"vc_empty_space\"   style=\"height: 20px\"><span class=\"vc_empty_space_inner\"><\/span><\/div><\/div><\/div><\/div><\/div><div class=\"vc_row wpb_row vc_row-fluid fondoaArtBlog2 vc_custom_1769153186738 vc_row-has-fill vc_row-o-content-middle vc_row-flex\"><div class=\"wpb_column vc_column_container vc_col-sm-12\"><div class=\"vc_column-inner\"><div class=\"wpb_wrapper\"><h2 style=\"font-size: 30px;color: #2c3035;text-align: left;font-family:Montserrat;font-weight:700;font-style:normal\" class=\"vc_custom_heading vc_do_custom_heading\" >\u00bfQu\u00e9 medidas continuar\u00e1n bajo este gobierno?<\/h2><div class=\"vc_separator wpb_content_element vc_separator_align_center vc_sep_width_10 vc_sep_border_width_5 vc_sep_pos_align_left vc_separator_no_text wpb_content_element  wpb_content_element separador\" ><span class=\"vc_sep_holder vc_sep_holder_l\"><span style=\"border-color:#ffe060;\" class=\"vc_sep_line\"><\/span><\/span><span class=\"vc_sep_holder vc_sep_holder_r\"><span style=\"border-color:#ffe060;\" class=\"vc_sep_line\"><\/span><\/span>\n<\/div>\n\t<div class=\"wpb_text_column wpb_content_element \" >\n\t\t<div class=\"wpb_wrapper\">\n\t\t\t<p><span data-contrast=\"none\">Es muy probable que como resultado de las Elecciones en Australia 2025 las estrategias actuales y sus reformas progresivas sigan su curso. Entre los principales puntos que se mantendr\u00e1n destacan:<\/span><span data-ccp-props=\"{&quot;134233117&quot;:false,&quot;134233118&quot;:false,&quot;335551550&quot;:1,&quot;335551620&quot;:1,&quot;335559738&quot;:240,&quot;335559739&quot;:240}\">\u00a0<\/span><\/p>\n<ul>\n<li data-leveltext=\"\uf0b7\" data-font=\"Symbol\" data-listid=\"8\" data-list-defn-props=\"{&quot;335552541&quot;:1,&quot;335559685&quot;:720,&quot;335559991&quot;:360,&quot;469769226&quot;:&quot;Symbol&quot;,&quot;469769242&quot;:&#091;8226&#093;,&quot;469777803&quot;:&quot;left&quot;,&quot;469777804&quot;:&quot;\uf0b7&quot;,&quot;469777815&quot;:&quot;hybridMultilevel&quot;}\" aria-setsize=\"-1\" data-aria-posinset=\"1\" data-aria-level=\"1\"><span data-contrast=\"none\">El <strong>programa humanitario<\/strong> seguir\u00e1 ofreciendo 20,000 plazas anuales.<\/span><span data-ccp-props=\"{&quot;134233117&quot;:false,&quot;134233118&quot;:false,&quot;335551550&quot;:1,&quot;335551620&quot;:1,&quot;335559738&quot;:240,&quot;335559739&quot;:240}\">\u00a0<\/span><\/li>\n<\/ul>\n<ul>\n<li data-leveltext=\"\uf0b7\" data-font=\"Symbol\" data-listid=\"8\" data-list-defn-props=\"{&quot;335552541&quot;:1,&quot;335559685&quot;:720,&quot;335559991&quot;:360,&quot;469769226&quot;:&quot;Symbol&quot;,&quot;469769242&quot;:&#091;8226&#093;,&quot;469777803&quot;:&quot;left&quot;,&quot;469777804&quot;:&quot;\uf0b7&quot;,&quot;469777815&quot;:&quot;hybridMultilevel&quot;}\" aria-setsize=\"-1\" data-aria-posinset=\"2\" data-aria-level=\"1\"><span data-contrast=\"none\">Las <strong>visas patrocinadas<\/strong> por empleadores (<strong>sponsor<\/strong>), como la <\/span><i><span data-contrast=\"none\">Skills in Demand Visa (Subclase 482)<\/span><\/i><span data-contrast=\"none\">, continuar\u00e1n siendo clave para atraer talento calificado.<\/span><span data-ccp-props=\"{&quot;134233117&quot;:false,&quot;134233118&quot;:false,&quot;335551550&quot;:1,&quot;335551620&quot;:1,&quot;335559738&quot;:240,&quot;335559739&quot;:240}\">\u00a0<\/span><\/li>\n<\/ul>\n<ul>\n<li data-leveltext=\"\uf0b7\" data-font=\"Symbol\" data-listid=\"8\" data-list-defn-props=\"{&quot;335552541&quot;:1,&quot;335559685&quot;:720,&quot;335559991&quot;:360,&quot;469769226&quot;:&quot;Symbol&quot;,&quot;469769242&quot;:&#091;8226&#093;,&quot;469777803&quot;:&quot;left&quot;,&quot;469777804&quot;:&quot;\uf0b7&quot;,&quot;469777815&quot;:&quot;hybridMultilevel&quot;}\" aria-setsize=\"-1\" data-aria-posinset=\"3\" data-aria-level=\"1\"><span data-contrast=\"none\">El gobierno mantiene una oposici\u00f3n significativa al restablecimiento de la Visa de Inversionista.<\/span><span data-ccp-props=\"{&quot;134233117&quot;:false,&quot;134233118&quot;:false,&quot;335551550&quot;:1,&quot;335551620&quot;:1,&quot;335559738&quot;:240,&quot;335559739&quot;:240}\">\u00a0<\/span><\/li>\n<li data-leveltext=\"\uf0b7\" data-font=\"Symbol\" data-listid=\"8\" data-list-defn-props=\"{&quot;335552541&quot;:1,&quot;335559685&quot;:720,&quot;335559991&quot;:360,&quot;469769226&quot;:&quot;Symbol&quot;,&quot;469769242&quot;:&#091;8226&#093;,&quot;469777803&quot;:&quot;left&quot;,&quot;469777804&quot;:&quot;\uf0b7&quot;,&quot;469777815&quot;:&quot;hybridMultilevel&quot;}\" aria-setsize=\"-1\" data-aria-posinset=\"4\" data-aria-level=\"1\"><span data-contrast=\"none\">Se ha confirmado la revisi\u00f3n de la <\/span><i><span data-contrast=\"none\">Ley de Discriminaci\u00f3n por Discapacidad<\/span><\/i><span data-contrast=\"none\"> en 2025, particularmente en lo relacionado a temas migratorios.<\/span><span data-ccp-props=\"{&quot;134233117&quot;:false,&quot;134233118&quot;:false,&quot;335551550&quot;:1,&quot;335551620&quot;:1,&quot;335559738&quot;:240,&quot;335559739&quot;:240}\">\u00a0<\/span><\/li>\n<\/ul>\n\n\t\t<\/div>\n\t<\/div>\n<div class=\"vc_empty_space\"   style=\"height: 20px\"><span class=\"vc_empty_space_inner\"><\/span><\/div><h2 style=\"font-size: 30px;color: #2c3035;text-align: left;font-family:Montserrat;font-weight:700;font-style:normal\" class=\"vc_custom_heading vc_do_custom_heading\" >Cambios clave que se avecinan<\/h2><div class=\"vc_separator wpb_content_element vc_separator_align_center vc_sep_width_10 vc_sep_border_width_5 vc_sep_pos_align_left vc_separator_no_text wpb_content_element  wpb_content_element separador\" ><span class=\"vc_sep_holder vc_sep_holder_l\"><span style=\"border-color:#ffe060;\" class=\"vc_sep_line\"><\/span><\/span><span class=\"vc_sep_holder vc_sep_holder_r\"><span style=\"border-color:#ffe060;\" class=\"vc_sep_line\"><\/span><\/span>\n<\/div>\n\t<div class=\"wpb_text_column wpb_content_element \" >\n\t\t<div class=\"wpb_wrapper\">\n\t\t\t<ol>\n<li aria-level=\"3\"><b><span data-contrast=\"none\">Aumento en el costo de la visa de estudiante y mayores exigencias<\/span><\/b><\/li>\n<\/ol>\n<p><span data-contrast=\"none\">Durante la campa\u00f1a, el Partido Laborista anunci\u00f3 un incremento en el costo de la visa de estudiante, que pasar\u00e1 de <\/span><b><span data-contrast=\"none\">AUD 1,600 a AUD 2,000.<\/span><\/b><span data-ccp-props=\"{&quot;134233117&quot;:false,&quot;134233118&quot;:false,&quot;335551550&quot;:1,&quot;335551620&quot;:1,&quot;335559738&quot;:240,&quot;335559739&quot;:240}\">\u00a0<\/span><\/p>\n<p><span data-contrast=\"none\">Adem\u00e1s, se prev\u00e9 que se eleven los<\/span><b><span data-contrast=\"none\"> requisitos del idioma ingl\u00e9s<\/span><\/b><span data-contrast=\"none\"> y se apliquen controles m\u00e1s rigurosos para asegurar que los solicitantes sean <\/span><b><span data-contrast=\"none\">estudiantes genuinos<\/span><\/b><span data-contrast=\"none\">. Aunque no se ha planteado un l\u00edmite oficial en la cantidad de estudiantes, estas medidas podr\u00edan reducir el volumen de solicitudes.<\/span><span data-ccp-props=\"{&quot;134233117&quot;:false,&quot;134233118&quot;:false,&quot;335551550&quot;:1,&quot;335551620&quot;:1,&quot;335559738&quot;:240,&quot;335559739&quot;:240}\">\u00a0<\/span><\/p>\n<ol start=\"2\">\n<li aria-level=\"3\"><b><span data-contrast=\"none\"> Revisi\u00f3n del sistema de puntos para migraci\u00f3n calificada<\/span><\/b><\/li>\n<\/ol>\n<p><span data-contrast=\"none\">El sistema de puntos, utilizado para evaluar la elegibilidad de los migrantes calificados, est\u00e1 siendo revisado. Algunos de los aspectos que se encuentran en evaluaci\u00f3n son:<\/span><span data-ccp-props=\"{&quot;134233117&quot;:false,&quot;134233118&quot;:false,&quot;335551550&quot;:1,&quot;335551620&quot;:1,&quot;335559738&quot;:240,&quot;335559739&quot;:240}\">\u00a0<\/span><\/p>\n<ul>\n<li data-leveltext=\"\uf0b7\" data-font=\"Symbol\" data-listid=\"9\" data-list-defn-props=\"{&quot;335552541&quot;:1,&quot;335559685&quot;:720,&quot;335559991&quot;:360,&quot;469769226&quot;:&quot;Symbol&quot;,&quot;469769242&quot;:&#091;8226&#093;,&quot;469777803&quot;:&quot;left&quot;,&quot;469777804&quot;:&quot;\uf0b7&quot;,&quot;469777815&quot;:&quot;hybridMultilevel&quot;}\" aria-setsize=\"-1\" data-aria-posinset=\"1\" data-aria-level=\"1\"><span data-contrast=\"none\">La permanencia o no de la<\/span> <b><i><span data-contrast=\"none\">Skilled Work Regional (Provisional) Visa \u2013 Subclase 491<\/span><\/i><\/b><b><span data-contrast=\"none\">.<\/span><\/b><span data-ccp-props=\"{&quot;134233117&quot;:false,&quot;134233118&quot;:false,&quot;335551550&quot;:1,&quot;335551620&quot;:1,&quot;335559738&quot;:240,&quot;335559739&quot;:240}\">\u00a0<\/span><\/li>\n<\/ul>\n<ul>\n<li data-leveltext=\"\uf0b7\" data-font=\"Symbol\" data-listid=\"9\" data-list-defn-props=\"{&quot;335552541&quot;:1,&quot;335559685&quot;:720,&quot;335559991&quot;:360,&quot;469769226&quot;:&quot;Symbol&quot;,&quot;469769242&quot;:&#091;8226&#093;,&quot;469777803&quot;:&quot;left&quot;,&quot;469777804&quot;:&quot;\uf0b7&quot;,&quot;469777815&quot;:&quot;hybridMultilevel&quot;}\" aria-setsize=\"-1\" data-aria-posinset=\"2\" data-aria-level=\"1\"><span data-contrast=\"none\">La validez de los puntos otorgados por habilidades en lenguas comunitarias <\/span><b><span data-contrast=\"none\">(puntos NAATI).<\/span><\/b><span data-ccp-props=\"{&quot;134233117&quot;:false,&quot;134233118&quot;:false,&quot;335551550&quot;:1,&quot;335551620&quot;:1,&quot;335559738&quot;:240,&quot;335559739&quot;:240}\">\u00a0<\/span><\/li>\n<\/ul>\n<ul>\n<li data-leveltext=\"\uf0b7\" data-font=\"Symbol\" data-listid=\"9\" data-list-defn-props=\"{&quot;335552541&quot;:1,&quot;335559685&quot;:720,&quot;335559991&quot;:360,&quot;469769226&quot;:&quot;Symbol&quot;,&quot;469769242&quot;:&#091;8226&#093;,&quot;469777803&quot;:&quot;left&quot;,&quot;469777804&quot;:&quot;\uf0b7&quot;,&quot;469777815&quot;:&quot;hybridMultilevel&quot;}\" aria-setsize=\"-1\" data-aria-posinset=\"3\" data-aria-level=\"1\"><span data-contrast=\"none\">La posibilidad de otorgar<\/span><b><span data-contrast=\"none\"> puntos adicionales<\/span><\/b><span data-contrast=\"none\"> a solicitantes con parejas que posean experiencia laboral.<\/span><span data-ccp-props=\"{&quot;134233117&quot;:false,&quot;134233118&quot;:false,&quot;335551550&quot;:1,&quot;335551620&quot;:1,&quot;335559738&quot;:240,&quot;335559739&quot;:240}\">\u00a0<\/span><\/li>\n<\/ul>\n\n\t\t<\/div>\n\t<\/div>\n<div class=\"vc_empty_space\"   style=\"height: 32px\"><span class=\"vc_empty_space_inner\"><\/span><\/div><h2 style=\"font-size: 30px;color: #2c3035;text-align: left;font-family:Montserrat;font-weight:700;font-style:normal\" class=\"vc_custom_heading vc_do_custom_heading\" >Procesamiento de visas: un punto d\u00e9bil a mejorar<\/h2><div class=\"vc_separator wpb_content_element vc_separator_align_center vc_sep_width_10 vc_sep_border_width_5 vc_sep_pos_align_left vc_separator_no_text wpb_content_element  wpb_content_element separador\" ><span class=\"vc_sep_holder vc_sep_holder_l\"><span style=\"border-color:#ffe060;\" class=\"vc_sep_line\"><\/span><\/span><span class=\"vc_sep_holder vc_sep_holder_r\"><span style=\"border-color:#ffe060;\" class=\"vc_sep_line\"><\/span><\/span>\n<\/div>\n\t<div class=\"wpb_text_column wpb_content_element \" >\n\t\t<div class=\"wpb_wrapper\">\n\t\t\t<p><span data-contrast=\"none\">A pesar de promesas para <\/span><b><span data-contrast=\"none\">agilizar procesos<\/span><\/b><span data-contrast=\"none\">, los tiempos actuales de espera siguen siendo prolongados:<\/span><span data-ccp-props=\"{&quot;134233117&quot;:false,&quot;134233118&quot;:false,&quot;335551550&quot;:1,&quot;335551620&quot;:1,&quot;335559738&quot;:240,&quot;335559739&quot;:240}\">\u00a0<\/span><\/p>\n<ul>\n<li data-leveltext=\"\uf0b7\" data-font=\"Symbol\" data-listid=\"11\" data-list-defn-props=\"{&quot;335552541&quot;:1,&quot;335559685&quot;:720,&quot;335559991&quot;:360,&quot;469769226&quot;:&quot;Symbol&quot;,&quot;469769242&quot;:&#091;8226&#093;,&quot;469777803&quot;:&quot;left&quot;,&quot;469777804&quot;:&quot;\uf0b7&quot;,&quot;469777815&quot;:&quot;hybridMultilevel&quot;}\" aria-setsize=\"-1\" data-aria-posinset=\"1\" data-aria-level=\"1\"><span data-contrast=\"none\">La visa <\/span><b><i><span data-contrast=\"none\">Skills in Demand<\/span><\/i><\/b><span data-contrast=\"none\">, que promet\u00eda procesarse entre 7 y 14 d\u00edas, actualmente toma entre 46 y 84 d\u00edas.<\/span><span data-ccp-props=\"{&quot;134233117&quot;:false,&quot;134233118&quot;:false,&quot;335551550&quot;:1,&quot;335551620&quot;:1,&quot;335559738&quot;:240,&quot;335559739&quot;:240}\">\u00a0<\/span><\/li>\n<\/ul>\n<ul>\n<li data-leveltext=\"\uf0b7\" data-font=\"Symbol\" data-listid=\"11\" data-list-defn-props=\"{&quot;335552541&quot;:1,&quot;335559685&quot;:720,&quot;335559991&quot;:360,&quot;469769226&quot;:&quot;Symbol&quot;,&quot;469769242&quot;:&#091;8226&#093;,&quot;469777803&quot;:&quot;left&quot;,&quot;469777804&quot;:&quot;\uf0b7&quot;,&quot;469777815&quot;:&quot;hybridMultilevel&quot;}\" aria-setsize=\"-1\" data-aria-posinset=\"2\" data-aria-level=\"1\"><span data-contrast=\"none\">Las visas de trabajo <\/span><b><span data-contrast=\"none\">Subclase 482<\/span><\/b><span data-contrast=\"none\"> presentan demoras de 6 a 9 meses.<\/span><span data-ccp-props=\"{&quot;134233117&quot;:false,&quot;134233118&quot;:false,&quot;335551550&quot;:1,&quot;335551620&quot;:1,&quot;335559738&quot;:240,&quot;335559739&quot;:240}\">\u00a0<\/span><\/li>\n<\/ul>\n<ul>\n<li data-leveltext=\"\uf0b7\" data-font=\"Symbol\" data-listid=\"11\" data-list-defn-props=\"{&quot;335552541&quot;:1,&quot;335559685&quot;:720,&quot;335559991&quot;:360,&quot;469769226&quot;:&quot;Symbol&quot;,&quot;469769242&quot;:&#091;8226&#093;,&quot;469777803&quot;:&quot;left&quot;,&quot;469777804&quot;:&quot;\uf0b7&quot;,&quot;469777815&quot;:&quot;hybridMultilevel&quot;}\" aria-setsize=\"-1\" data-aria-posinset=\"3\" data-aria-level=\"1\"><span data-contrast=\"none\">Las visas permanentes patrocinadas por empleadores <\/span><b><span data-contrast=\"none\">(Sponsor)<\/span><\/b><span data-contrast=\"none\"> pueden tardar hasta 18 meses.<\/span><span data-ccp-props=\"{&quot;134233117&quot;:false,&quot;134233118&quot;:false,&quot;335551550&quot;:1,&quot;335551620&quot;:1,&quot;335559738&quot;:240,&quot;335559739&quot;:240}\">\u00a0<\/span><\/li>\n<\/ul>\n<p><span data-contrast=\"none\">Estos retrasos generan frustraci\u00f3n tanto en las empresas que necesitan talento como en los solicitantes que esperan una respuesta.<\/span><span data-ccp-props=\"{&quot;134233117&quot;:false,&quot;134233118&quot;:false,&quot;335551550&quot;:1,&quot;335551620&quot;:1,&quot;335559738&quot;:240,&quot;335559739&quot;:240}\">\u00a0<\/span><\/p>\n\n\t\t<\/div>\n\t<\/div>\n<div class=\"vc_empty_space\"   style=\"height: 32px\"><span class=\"vc_empty_space_inner\"><\/span><\/div><h2 style=\"font-size: 30px;color: #2c3035;text-align: left;font-family:Montserrat;font-weight:700;font-style:normal\" class=\"vc_custom_heading vc_do_custom_heading\" >\u00bfQu\u00e9 significa todo esto para empleadores y migrantes?<\/h2><div class=\"vc_separator wpb_content_element vc_separator_align_center vc_sep_width_10 vc_sep_border_width_5 vc_sep_pos_align_left vc_separator_no_text wpb_content_element  wpb_content_element separador\" ><span class=\"vc_sep_holder vc_sep_holder_l\"><span style=\"border-color:#ffe060;\" class=\"vc_sep_line\"><\/span><\/span><span class=\"vc_sep_holder vc_sep_holder_r\"><span style=\"border-color:#ffe060;\" class=\"vc_sep_line\"><\/span><\/span>\n<\/div>\n\t<div class=\"wpb_text_column wpb_content_element \" >\n\t\t<div class=\"wpb_wrapper\">\n\t\t\t<p><span data-contrast=\"none\">La victoria del Partido Laborista <\/span><b><span data-contrast=\"none\">ofrece cierta estabilidad,<\/span><\/b><span data-contrast=\"none\"> especialmente para las empresas que dependen de trabajadores calificados extranjeros. No obstante, deber\u00e1n prepararse para afrontar mayores costos y una r<\/span><b><span data-contrast=\"none\">egulaci\u00f3n m\u00e1s estricta<\/span><\/b><span data-contrast=\"none\">, especialmente en lo relacionado con <\/span><b><span data-contrast=\"none\">estudiantes y graduados internacionales.<\/span><\/b><span data-ccp-props=\"{&quot;134233117&quot;:false,&quot;134233118&quot;:false,&quot;335551550&quot;:1,&quot;335551620&quot;:1,&quot;335559738&quot;:240,&quot;335559739&quot;:240}\">\u00a0<\/span><\/p>\n<p><span data-contrast=\"none\">Para los futuros estudiantes, es crucial <\/span><b><span data-contrast=\"none\">planificar con anticipaci\u00f3n y mantenerse informados<\/span><\/b><span data-contrast=\"none\">. Una fecha clave es el 1 de julio de 2025, cuando comienza el <\/span><b><span data-contrast=\"none\">nuevo a\u00f1o fiscal,<\/span><\/b><span data-contrast=\"none\"> momento en el que podr\u00edan entrar en vigencia muchas de las nuevas medidas.<\/span><span data-ccp-props=\"{&quot;134233117&quot;:false,&quot;134233118&quot;:false,&quot;335551550&quot;:1,&quot;335551620&quot;:1,&quot;335559738&quot;:240,&quot;335559739&quot;:240}\">\u00a0<\/span><\/p>\n\n\t\t<\/div>\n\t<\/div>\n<div class=\"vc_empty_space\"   style=\"height: 32px\"><span class=\"vc_empty_space_inner\"><\/span><\/div><h2 style=\"font-size: 30px;color: #2c3035;text-align: left;font-family:Montserrat;font-weight:700;font-style:normal\" class=\"vc_custom_heading vc_do_custom_heading\" >El acompa\u00f1amiento adecuado hace la diferencia<\/h2><div class=\"vc_separator wpb_content_element vc_separator_align_center vc_sep_width_10 vc_sep_border_width_5 vc_sep_pos_align_left vc_separator_no_text wpb_content_element  wpb_content_element separador\" ><span class=\"vc_sep_holder vc_sep_holder_l\"><span style=\"border-color:#ffe060;\" class=\"vc_sep_line\"><\/span><\/span><span class=\"vc_sep_holder vc_sep_holder_r\"><span style=\"border-color:#ffe060;\" class=\"vc_sep_line\"><\/span><\/span>\n<\/div>\n\t<div class=\"wpb_text_column wpb_content_element \" >\n\t\t<div class=\"wpb_wrapper\">\n\t\t\t<p><b><span data-contrast=\"none\">Contar con asesor\u00eda experta<\/span><\/b><span data-contrast=\"none\"> es fundamental tanto para procesos educativos como migratorios. En <\/span><b><span data-contrast=\"none\">SOL Edu &amp; Migration\u00a0<\/span><\/b><span data-contrast=\"none\">tenemos m\u00e1s de 25 a\u00f1os de experiencia en el mercado australiano y hemos acompa\u00f1ado a cientos de<\/span><b><span data-contrast=\"none\"> estudiantes y migrantes, i<\/span><\/b><span data-contrast=\"none\">ncluso durante los momentos m\u00e1s cr\u00edticos como la pandemia de COVID-19.<\/span><span data-ccp-props=\"{&quot;134233117&quot;:false,&quot;134233118&quot;:false,&quot;335551550&quot;:1,&quot;335551620&quot;:1,&quot;335559738&quot;:240,&quot;335559739&quot;:240}\">\u00a0<\/span><\/p>\n<p><span data-contrast=\"none\">Nuestros asesores se mantienen al d\u00eda con todos los cambios en las leyes y pol\u00edticas migratorias para brindarte <\/span><b><span data-contrast=\"none\">informaci\u00f3n real, actualizada y adaptada a tus necesidades.<\/span><\/b><span data-ccp-props=\"{&quot;134233117&quot;:false,&quot;134233118&quot;:false,&quot;335551550&quot;:1,&quot;335551620&quot;:1,&quot;335559738&quot;:240,&quot;335559739&quot;:240}\">\u00a0<\/span><\/p>\n\n\t\t<\/div>\n\t<\/div>\n<div class=\"vc_empty_space\"   style=\"height: 32px\"><span class=\"vc_empty_space_inner\"><\/span><\/div><div class=\"vc_separator wpb_content_element vc_separator_align_center vc_sep_width_10 vc_sep_border_width_5 vc_sep_pos_align_left vc_separator_no_text wpb_content_element  wpb_content_element separador\" ><span class=\"vc_sep_holder vc_sep_holder_l\"><span style=\"border-color:#ffe060;\" class=\"vc_sep_line\"><\/span><\/span><span class=\"vc_sep_holder vc_sep_holder_r\"><span style=\"border-color:#ffe060;\" class=\"vc_sep_line\"><\/span><\/span>\n<\/div><\/div><\/div><\/div><\/div>\n<\/div>","protected":false},"excerpt":{"rendered":"<p>Perspectivas migratorias tras el triunfo de Anthony Albanese El pasado 4 de mayo se llevaron a cabo las elecciones federales en Australia, con una victoria decisiva para el Australian Labor Party (ALP) y la reelecci\u00f3n del Primer Ministro Anthony Albanese. Uno de los temas centrales durante la campa\u00f1a fue la migraci\u00f3n. Pero \u00bfc\u00f3mo podr\u00eda afectar&hellip;<\/p>\n","protected":false},"author":38,"featured_media":1015298,"comment_status":"closed","ping_status":"open","sticky":false,"template":"template-microsite.php","format":"standard","meta":{"_acf_changed":false,"om_disable_all_campaigns":false,"footnotes":""},"categories":[6,75],"tags":[],"class_list":["post-1015297","post","type-post","status-publish","format-standard","has-post-thumbnail","hentry","category-blog-latino","category-migracion","category-6","category-75","description-off"],"acf":[],"yoast_head":"<!-- This site is optimized with the Yoast SEO plugin v27.2 - https:\/\/yoast.com\/product\/yoast-seo-wordpress\/ -->\n<title>Elecciones 2025 en Australia y migraci\u00f3n: Posibles cambios<\/title>\n<meta name=\"description\" content=\"Descubre c\u00f3mo las elecciones 2025 en Australia afectan la migraci\u00f3n: cambios en visas, requisitos para estudiantes y oportunidades laborales. Inf\u00f3rmate ahora.\" \/>\n<meta name=\"robots\" content=\"index, follow, max-snippet:-1, max-image-preview:large, max-video-preview:-1\" \/>\n<link rel=\"canonical\" href=\"https:\/\/www.soledu.net\/co\/elecciones-2025-australia-y-migracion\/\" \/>\n<meta property=\"og:locale\" content=\"en_US\" \/>\n<meta property=\"og:type\" content=\"article\" \/>\n<meta property=\"og:title\" content=\"Elecciones 2025 en Australia y migraci\u00f3n: Posibles cambios\" \/>\n<meta property=\"og:description\" content=\"Descubre c\u00f3mo las elecciones 2025 en Australia afectan la migraci\u00f3n: cambios en visas, requisitos para estudiantes y oportunidades laborales. Inf\u00f3rmate ahora.\" \/>\n<meta property=\"og:url\" content=\"https:\/\/www.soledu.net\/co\/elecciones-2025-australia-y-migracion\/\" \/>\n<meta property=\"og:site_name\" content=\"SOL Edu Latinos\" \/>\n<meta property=\"article:publisher\" content=\"https:\/\/www.facebook.com\/SOLEdu.Latinos\/\" \/>\n<meta property=\"article:published_time\" content=\"2025-05-15T22:33:19+00:00\" \/>\n<meta property=\"article:modified_time\" content=\"2026-01-23T07:27:21+00:00\" \/>\n<meta property=\"og:image\" content=\"https:\/\/www.soledu.net\/co\/app\/uploads\/2025\/05\/LTN-Imagen-Blog.png\" \/>\n\t<meta property=\"og:image:width\" content=\"2048\" \/>\n\t<meta property=\"og:image:height\" content=\"1152\" \/>\n\t<meta property=\"og:image:type\" content=\"image\/png\" \/>\n<meta name=\"author\" content=\"Nailu\" \/>\n<meta name=\"twitter:card\" content=\"summary_large_image\" \/>\n<meta name=\"twitter:label1\" content=\"Written by\" \/>\n\t<meta name=\"twitter:data1\" content=\"Nailu\" \/>\n\t<meta name=\"twitter:label2\" content=\"Est. reading time\" \/>\n\t<meta name=\"twitter:data2\" content=\"4 minutes\" \/>\n<script type=\"application\/ld+json\" class=\"yoast-schema-graph\">{\"@context\":\"https:\/\/schema.org\",\"@graph\":[{\"@type\":\"Article\",\"@id\":\"https:\/\/www.soledu.net\/co\/elecciones-2025-australia-y-migracion\/#article\",\"isPartOf\":{\"@id\":\"https:\/\/www.soledu.net\/co\/elecciones-2025-australia-y-migracion\/\"},\"author\":{\"name\":\"Nailu\",\"@id\":\"https:\/\/www.soledu.net\/co\/#\/schema\/person\/6b46a9957bcd132fdbf5fbce9a448ebd\"},\"headline\":\"Elecciones 2025 en Australia y migraci\u00f3n\",\"datePublished\":\"2025-05-15T22:33:19+00:00\",\"dateModified\":\"2026-01-23T07:27:21+00:00\",\"mainEntityOfPage\":{\"@id\":\"https:\/\/www.soledu.net\/co\/elecciones-2025-australia-y-migracion\/\"},\"wordCount\":1096,\"publisher\":{\"@id\":\"https:\/\/www.soledu.net\/co\/#organization\"},\"image\":{\"@id\":\"https:\/\/www.soledu.net\/co\/elecciones-2025-australia-y-migracion\/#primaryimage\"},\"thumbnailUrl\":\"https:\/\/www.soledu.net\/co\/app\/uploads\/2025\/05\/LTN-Imagen-Blog.png\",\"articleSection\":[\"Blog Latino\",\"Migracion\"],\"inLanguage\":\"en-AU\"},{\"@type\":\"WebPage\",\"@id\":\"https:\/\/www.soledu.net\/co\/elecciones-2025-australia-y-migracion\/\",\"url\":\"https:\/\/www.soledu.net\/co\/elecciones-2025-australia-y-migracion\/\",\"name\":\"Elecciones 2025 en Australia y migraci\u00f3n: Posibles cambios\",\"isPartOf\":{\"@id\":\"https:\/\/www.soledu.net\/co\/#website\"},\"primaryImageOfPage\":{\"@id\":\"https:\/\/www.soledu.net\/co\/elecciones-2025-australia-y-migracion\/#primaryimage\"},\"image\":{\"@id\":\"https:\/\/www.soledu.net\/co\/elecciones-2025-australia-y-migracion\/#primaryimage\"},\"thumbnailUrl\":\"https:\/\/www.soledu.net\/co\/app\/uploads\/2025\/05\/LTN-Imagen-Blog.png\",\"datePublished\":\"2025-05-15T22:33:19+00:00\",\"dateModified\":\"2026-01-23T07:27:21+00:00\",\"description\":\"Descubre c\u00f3mo las elecciones 2025 en Australia afectan la migraci\u00f3n: cambios en visas, requisitos para estudiantes y oportunidades laborales. Inf\u00f3rmate ahora.\",\"breadcrumb\":{\"@id\":\"https:\/\/www.soledu.net\/co\/elecciones-2025-australia-y-migracion\/#breadcrumb\"},\"inLanguage\":\"en-AU\",\"potentialAction\":[{\"@type\":\"ReadAction\",\"target\":[\"https:\/\/www.soledu.net\/co\/elecciones-2025-australia-y-migracion\/\"]}]},{\"@type\":\"ImageObject\",\"inLanguage\":\"en-AU\",\"@id\":\"https:\/\/www.soledu.net\/co\/elecciones-2025-australia-y-migracion\/#primaryimage\",\"url\":\"https:\/\/www.soledu.net\/co\/app\/uploads\/2025\/05\/LTN-Imagen-Blog.png\",\"contentUrl\":\"https:\/\/www.soledu.net\/co\/app\/uploads\/2025\/05\/LTN-Imagen-Blog.png\",\"width\":2048,\"height\":1152,\"caption\":\"Perspectivas migratorias tras el triunfo de Anthony Albanese\"},{\"@type\":\"BreadcrumbList\",\"@id\":\"https:\/\/www.soledu.net\/co\/elecciones-2025-australia-y-migracion\/#breadcrumb\",\"itemListElement\":[{\"@type\":\"ListItem\",\"position\":1,\"name\":\"Home\",\"item\":\"https:\/\/www.soledu.net\/co\/\"},{\"@type\":\"ListItem\",\"position\":2,\"name\":\"Elecciones 2025 en Australia y migraci\u00f3n\"}]},{\"@type\":\"WebSite\",\"@id\":\"https:\/\/www.soledu.net\/co\/#website\",\"url\":\"https:\/\/www.soledu.net\/co\/\",\"name\":\"SOL Edu Latinos\",\"description\":\"Somos una agencia de estudios en exterior, que te ayuda a cumplir tu sue\u00f1o de estudiar y trabajar en Australia y Nueva Zelanda. Somos los \u00fanicos con convenio en todas las instituciones educativas de Australia.Con m\u00e1s de 25 a\u00f1os de experiencia,te ayudamos a gestionar tu visa de estudiante. Asesor\u00eda gratuita.\",\"publisher\":{\"@id\":\"https:\/\/www.soledu.net\/co\/#organization\"},\"potentialAction\":[{\"@type\":\"SearchAction\",\"target\":{\"@type\":\"EntryPoint\",\"urlTemplate\":\"https:\/\/www.soledu.net\/co\/?s={search_term_string}\"},\"query-input\":{\"@type\":\"PropertyValueSpecification\",\"valueRequired\":true,\"valueName\":\"search_term_string\"}}],\"inLanguage\":\"en-AU\"},{\"@type\":\"Organization\",\"@id\":\"https:\/\/www.soledu.net\/co\/#organization\",\"name\":\"Sol edu Latinos\",\"url\":\"https:\/\/www.soledu.net\/co\/\",\"logo\":{\"@type\":\"ImageObject\",\"inLanguage\":\"en-AU\",\"@id\":\"https:\/\/www.soledu.net\/co\/#\/schema\/logo\/image\/\",\"url\":\"https:\/\/www.soledu.net\/co\/wp-content\/uploads\/2017\/12\/logo-SOL-Edu-and-iae-extra-medium.png\",\"contentUrl\":\"https:\/\/www.soledu.net\/co\/wp-content\/uploads\/2017\/12\/logo-SOL-Edu-and-iae-extra-medium.png\",\"width\":580,\"height\":172,\"caption\":\"Sol edu Latinos\"},\"image\":{\"@id\":\"https:\/\/www.soledu.net\/co\/#\/schema\/logo\/image\/\"},\"sameAs\":[\"https:\/\/www.facebook.com\/SOLEdu.Latinos\/\",\"https:\/\/www.instagram.com\/soledulatinos\/\"]},{\"@type\":\"Person\",\"@id\":\"https:\/\/www.soledu.net\/co\/#\/schema\/person\/6b46a9957bcd132fdbf5fbce9a448ebd\",\"name\":\"Nailu\",\"url\":\"https:\/\/www.soledu.net\/co\/author\/nailu\/\"}]}<\/script>\n<!-- \/ Yoast SEO plugin. -->","yoast_head_json":{"title":"Elecciones 2025 en Australia y migraci\u00f3n: Posibles cambios","description":"Descubre c\u00f3mo las elecciones 2025 en Australia afectan la migraci\u00f3n: cambios en visas, requisitos para estudiantes y oportunidades laborales. Inf\u00f3rmate ahora.","robots":{"index":"index","follow":"follow","max-snippet":"max-snippet:-1","max-image-preview":"max-image-preview:large","max-video-preview":"max-video-preview:-1"},"canonical":"https:\/\/www.soledu.net\/co\/elecciones-2025-australia-y-migracion\/","og_locale":"en_US","og_type":"article","og_title":"Elecciones 2025 en Australia y migraci\u00f3n: Posibles cambios","og_description":"Descubre c\u00f3mo las elecciones 2025 en Australia afectan la migraci\u00f3n: cambios en visas, requisitos para estudiantes y oportunidades laborales. Inf\u00f3rmate ahora.","og_url":"https:\/\/www.soledu.net\/co\/elecciones-2025-australia-y-migracion\/","og_site_name":"SOL Edu Latinos","article_publisher":"https:\/\/www.facebook.com\/SOLEdu.Latinos\/","article_published_time":"2025-05-15T22:33:19+00:00","article_modified_time":"2026-01-23T07:27:21+00:00","og_image":[{"width":2048,"height":1152,"url":"https:\/\/www.soledu.net\/co\/app\/uploads\/2025\/05\/LTN-Imagen-Blog.png","type":"image\/png"}],"author":"Nailu","twitter_card":"summary_large_image","twitter_misc":{"Written by":"Nailu","Est. reading time":"4 minutes"},"schema":{"@context":"https:\/\/schema.org","@graph":[{"@type":"Article","@id":"https:\/\/www.soledu.net\/co\/elecciones-2025-australia-y-migracion\/#article","isPartOf":{"@id":"https:\/\/www.soledu.net\/co\/elecciones-2025-australia-y-migracion\/"},"author":{"name":"Nailu","@id":"https:\/\/www.soledu.net\/co\/#\/schema\/person\/6b46a9957bcd132fdbf5fbce9a448ebd"},"headline":"Elecciones 2025 en Australia y migraci\u00f3n","datePublished":"2025-05-15T22:33:19+00:00","dateModified":"2026-01-23T07:27:21+00:00","mainEntityOfPage":{"@id":"https:\/\/www.soledu.net\/co\/elecciones-2025-australia-y-migracion\/"},"wordCount":1096,"publisher":{"@id":"https:\/\/www.soledu.net\/co\/#organization"},"image":{"@id":"https:\/\/www.soledu.net\/co\/elecciones-2025-australia-y-migracion\/#primaryimage"},"thumbnailUrl":"https:\/\/www.soledu.net\/co\/app\/uploads\/2025\/05\/LTN-Imagen-Blog.png","articleSection":["Blog Latino","Migracion"],"inLanguage":"en-AU"},{"@type":"WebPage","@id":"https:\/\/www.soledu.net\/co\/elecciones-2025-australia-y-migracion\/","url":"https:\/\/www.soledu.net\/co\/elecciones-2025-australia-y-migracion\/","name":"Elecciones 2025 en Australia y migraci\u00f3n: Posibles cambios","isPartOf":{"@id":"https:\/\/www.soledu.net\/co\/#website"},"primaryImageOfPage":{"@id":"https:\/\/www.soledu.net\/co\/elecciones-2025-australia-y-migracion\/#primaryimage"},"image":{"@id":"https:\/\/www.soledu.net\/co\/elecciones-2025-australia-y-migracion\/#primaryimage"},"thumbnailUrl":"https:\/\/www.soledu.net\/co\/app\/uploads\/2025\/05\/LTN-Imagen-Blog.png","datePublished":"2025-05-15T22:33:19+00:00","dateModified":"2026-01-23T07:27:21+00:00","description":"Descubre c\u00f3mo las elecciones 2025 en Australia afectan la migraci\u00f3n: cambios en visas, requisitos para estudiantes y oportunidades laborales. Inf\u00f3rmate ahora.","breadcrumb":{"@id":"https:\/\/www.soledu.net\/co\/elecciones-2025-australia-y-migracion\/#breadcrumb"},"inLanguage":"en-AU","potentialAction":[{"@type":"ReadAction","target":["https:\/\/www.soledu.net\/co\/elecciones-2025-australia-y-migracion\/"]}]},{"@type":"ImageObject","inLanguage":"en-AU","@id":"https:\/\/www.soledu.net\/co\/elecciones-2025-australia-y-migracion\/#primaryimage","url":"https:\/\/www.soledu.net\/co\/app\/uploads\/2025\/05\/LTN-Imagen-Blog.png","contentUrl":"https:\/\/www.soledu.net\/co\/app\/uploads\/2025\/05\/LTN-Imagen-Blog.png","width":2048,"height":1152,"caption":"Perspectivas migratorias tras el triunfo de Anthony Albanese"},{"@type":"BreadcrumbList","@id":"https:\/\/www.soledu.net\/co\/elecciones-2025-australia-y-migracion\/#breadcrumb","itemListElement":[{"@type":"ListItem","position":1,"name":"Home","item":"https:\/\/www.soledu.net\/co\/"},{"@type":"ListItem","position":2,"name":"Elecciones 2025 en Australia y migraci\u00f3n"}]},{"@type":"WebSite","@id":"https:\/\/www.soledu.net\/co\/#website","url":"https:\/\/www.soledu.net\/co\/","name":"SOL Edu Latinos","description":"Somos una agencia de estudios en exterior, que te ayuda a cumplir tu sue\u00f1o de estudiar y trabajar en Australia y Nueva Zelanda. Somos los \u00fanicos con convenio en todas las instituciones educativas de Australia.Con m\u00e1s de 25 a\u00f1os de experiencia,te ayudamos a gestionar tu visa de estudiante. Asesor\u00eda gratuita.","publisher":{"@id":"https:\/\/www.soledu.net\/co\/#organization"},"potentialAction":[{"@type":"SearchAction","target":{"@type":"EntryPoint","urlTemplate":"https:\/\/www.soledu.net\/co\/?s={search_term_string}"},"query-input":{"@type":"PropertyValueSpecification","valueRequired":true,"valueName":"search_term_string"}}],"inLanguage":"en-AU"},{"@type":"Organization","@id":"https:\/\/www.soledu.net\/co\/#organization","name":"Sol edu Latinos","url":"https:\/\/www.soledu.net\/co\/","logo":{"@type":"ImageObject","inLanguage":"en-AU","@id":"https:\/\/www.soledu.net\/co\/#\/schema\/logo\/image\/","url":"https:\/\/www.soledu.net\/co\/wp-content\/uploads\/2017\/12\/logo-SOL-Edu-and-iae-extra-medium.png","contentUrl":"https:\/\/www.soledu.net\/co\/wp-content\/uploads\/2017\/12\/logo-SOL-Edu-and-iae-extra-medium.png","width":580,"height":172,"caption":"Sol edu Latinos"},"image":{"@id":"https:\/\/www.soledu.net\/co\/#\/schema\/logo\/image\/"},"sameAs":["https:\/\/www.facebook.com\/SOLEdu.Latinos\/","https:\/\/www.instagram.com\/soledulatinos\/"]},{"@type":"Person","@id":"https:\/\/www.soledu.net\/co\/#\/schema\/person\/6b46a9957bcd132fdbf5fbce9a448ebd","name":"Nailu","url":"https:\/\/www.soledu.net\/co\/author\/nailu\/"}]}},"_links":{"self":[{"href":"https:\/\/www.soledu.net\/co\/wp-json\/wp\/v2\/posts\/1015297","targetHints":{"allow":["GET"]}}],"collection":[{"href":"https:\/\/www.soledu.net\/co\/wp-json\/wp\/v2\/posts"}],"about":[{"href":"https:\/\/www.soledu.net\/co\/wp-json\/wp\/v2\/types\/post"}],"author":[{"embeddable":true,"href":"https:\/\/www.soledu.net\/co\/wp-json\/wp\/v2\/users\/38"}],"replies":[{"embeddable":true,"href":"https:\/\/www.soledu.net\/co\/wp-json\/wp\/v2\/comments?post=1015297"}],"version-history":[{"count":5,"href":"https:\/\/www.soledu.net\/co\/wp-json\/wp\/v2\/posts\/1015297\/revisions"}],"predecessor-version":[{"id":1015645,"href":"https:\/\/www.soledu.net\/co\/wp-json\/wp\/v2\/posts\/1015297\/revisions\/1015645"}],"wp:featuredmedia":[{"embeddable":true,"href":"https:\/\/www.soledu.net\/co\/wp-json\/wp\/v2\/media\/1015298"}],"wp:attachment":[{"href":"https:\/\/www.soledu.net\/co\/wp-json\/wp\/v2\/media?parent=1015297"}],"wp:term":[{"taxonomy":"category","embeddable":true,"href":"https:\/\/www.soledu.net\/co\/wp-json\/wp\/v2\/categories?post=1015297"},{"taxonomy":"post_tag","embeddable":true,"href":"https:\/\/www.soledu.net\/co\/wp-json\/wp\/v2\/tags?post=1015297"}],"curies":[{"name":"wp","href":"https:\/\/api.w.org\/{rel}","templated":true}]}}